{"id":2755,"date":"2022-03-21T06:26:57","date_gmt":"2022-03-21T06:26:57","guid":{"rendered":"https:\/\/autopro.io\/?p=2755"},"modified":"2022-03-21T06:26:57","modified_gmt":"2022-03-21T06:26:57","slug":"nueva-funcion-ventanas-emergentes-personalizables-en-el-sitio-web-de-su-concesionario-de-automoviles","status":"publish","type":"post","link":"https:\/\/autopro.io\/es\/nueva-funcion-ventanas-emergentes-personalizables-en-el-sitio-web-de-su-concesionario-de-automoviles\/","title":{"rendered":"Nueva Funci\u00f3n: Ventanas Emergentes Personalizables en el Sitio Web de su Concesionario de Autom\u00f3viles"},"content":{"rendered":"<div class=\"wpb-content-wrapper\"><p>[vc_row][vc_column][vc_single_image image=\u00bb2618&#8243; img_size=\u00bbfull\u00bb onclick=\u00bblink_image\u00bb][\/vc_column][\/vc_row][vc_row][vc_column][vc_column_text]El visitante promedio de su sitio web probablemente pasa menos de un minuto en \u00e9l.<\/p>\n<p>Asegurarse de que vean un anuncio o una promoci\u00f3n en particular no siempre es f\u00e1cil.<\/p>\n<p>Con la \u00faltima actualizaci\u00f3n del software de administraci\u00f3n de concesionarios AutoPro.io, ahora puede agregar f\u00e1cilmente una ventana emergente totalmente personalizable al sitio web de su concesionario, para asegurarse de que su mensaje o promoci\u00f3n importante est\u00e9 inmediatamente en primer plano para su cliente potencial.<\/p>\n<p>Con esta funci\u00f3n activada, la ventana emergente aparecer\u00e1 autom\u00e1ticamente a sus visitantes cuando vean su p\u00e1gina de inicio, captando al instante su atenci\u00f3n.<\/p>\n<p>Puede personalizar f\u00e1cilmente la ventana emergente de m\u00faltiples maneras, incluyendo el t\u00edtulo, el texto, el estilo de fondo, el tama\u00f1o y mucho m\u00e1s.<\/p>\n<p>La ventana emergente responde completamente y funciona en todo tipo de dispositivos, incluyendo computadores, port\u00e1tiles, tabletas y tel\u00e9fonos m\u00f3viles.<br \/>\n[\/vc_column_text][\/vc_column][\/vc_row]<\/p>\n<\/div>","protected":false},"excerpt":{"rendered":"<p>[vc_row][vc_column][vc_single_image image=\u00bb2618&#8243; img_size=\u00bbfull\u00bb onclick=\u00bblink_image\u00bb][\/vc_column][\/vc_row][vc_row][vc_column][vc_column_text]El visitante promedio de su sitio web probablemente pasa menos de un minuto en \u00e9l. Asegurarse de que vean un anuncio o una promoci\u00f3n en particular no siempre es f\u00e1cil. Con la \u00faltima actualizaci\u00f3n del software de administraci\u00f3n de concesionarios AutoPro.io, ahora puede agregar f\u00e1cilmente una ventana emergente totalmente personalizable al sitio&hellip;<\/p>\n","protected":false},"author":2,"featured_media":2251,"comment_status":"closed","ping_status":"closed","sticky":false,"template":"","format":"standard","meta":{"footnotes":""},"categories":[],"tags":[],"class_list":["post-2755","post","type-post","status-publish","format-standard","has-post-thumbnail","hentry","description-off"],"yoast_head":"<!-- This site is optimized with the Yoast SEO plugin v25.0 - https:\/\/yoast.com\/wordpress\/plugins\/seo\/ -->\n<title>Nueva Funci\u00f3n: Ventanas Emergentes Personalizables en el Sitio Web de su Concesionario de Autom\u00f3viles - WordPress Website<\/title>\n<meta name=\"robots\" content=\"index, follow, max-snippet:-1, max-image-preview:large, max-video-preview:-1\" \/>\n<link rel=\"canonical\" href=\"https:\/\/autopro.io\/es\/nueva-funcion-ventanas-emergentes-personalizables-en-el-sitio-web-de-su-concesionario-de-automoviles\/\" \/>\n<meta property=\"og:locale\" content=\"es_ES\" \/>\n<meta property=\"og:type\" content=\"article\" \/>\n<meta property=\"og:title\" content=\"Nueva Funci\u00f3n: Ventanas Emergentes Personalizables en el Sitio Web de su Concesionario de Autom\u00f3viles - WordPress Website\" \/>\n<meta property=\"og:description\" content=\"[vc_row][vc_column][vc_single_image image=\u00bb2618&#8243; img_size=\u00bbfull\u00bb onclick=\u00bblink_image\u00bb][\/vc_column][\/vc_row][vc_row][vc_column][vc_column_text]El visitante promedio de su sitio web probablemente pasa menos de un minuto en \u00e9l. Asegurarse de que vean un anuncio o una promoci\u00f3n en particular no siempre es f\u00e1cil. Con la \u00faltima actualizaci\u00f3n del software de administraci\u00f3n de concesionarios AutoPro.io, ahora puede agregar f\u00e1cilmente una ventana emergente totalmente personalizable al sitio&hellip;\" \/>\n<meta property=\"og:url\" content=\"https:\/\/autopro.io\/es\/nueva-funcion-ventanas-emergentes-personalizables-en-el-sitio-web-de-su-concesionario-de-automoviles\/\" \/>\n<meta property=\"og:site_name\" content=\"WordPress Website\" \/>\n<meta property=\"article:published_time\" content=\"2022-03-21T06:26:57+00:00\" \/>\n<meta property=\"og:image\" content=\"https:\/\/autopro.io\/wp-content\/uploads\/2021\/10\/customizable-popup-new-feature-wordpress-cover.jpg\" \/>\n\t<meta property=\"og:image:width\" content=\"1500\" \/>\n\t<meta property=\"og:image:height\" content=\"788\" \/>\n\t<meta property=\"og:image:type\" content=\"image\/jpeg\" \/>\n<meta name=\"author\" content=\"Eric Besso\" \/>\n<meta name=\"twitter:card\" content=\"summary_large_image\" \/>\n<meta name=\"twitter:label1\" content=\"Escrito por\" \/>\n\t<meta name=\"twitter:data1\" content=\"Eric Besso\" \/>\n\t<meta name=\"twitter:label2\" content=\"Tiempo de lectura\" \/>\n\t<meta name=\"twitter:data2\" content=\"1 minuto\" \/>\n<script type=\"application\/ld+json\" class=\"yoast-schema-graph\">{\"@context\":\"https:\/\/schema.org\",\"@graph\":[{\"@type\":\"WebPage\",\"@id\":\"https:\/\/autopro.io\/es\/nueva-funcion-ventanas-emergentes-personalizables-en-el-sitio-web-de-su-concesionario-de-automoviles\/\",\"url\":\"https:\/\/autopro.io\/es\/nueva-funcion-ventanas-emergentes-personalizables-en-el-sitio-web-de-su-concesionario-de-automoviles\/\",\"name\":\"Nueva Funci\u00f3n: Ventanas Emergentes Personalizables en el Sitio Web de su Concesionario de Autom\u00f3viles - WordPress Website\",\"isPartOf\":{\"@id\":\"https:\/\/autopro.io\/#website\"},\"primaryImageOfPage\":{\"@id\":\"https:\/\/autopro.io\/es\/nueva-funcion-ventanas-emergentes-personalizables-en-el-sitio-web-de-su-concesionario-de-automoviles\/#primaryimage\"},\"image\":{\"@id\":\"https:\/\/autopro.io\/es\/nueva-funcion-ventanas-emergentes-personalizables-en-el-sitio-web-de-su-concesionario-de-automoviles\/#primaryimage\"},\"thumbnailUrl\":\"https:\/\/autopro.io\/wp-content\/uploads\/2021\/10\/customizable-popup-new-feature-wordpress-cover.jpg\",\"datePublished\":\"2022-03-21T06:26:57+00:00\",\"author\":{\"@id\":\"https:\/\/autopro.io\/#\/schema\/person\/948760f7d3850f8f828a2090c081280c\"},\"breadcrumb\":{\"@id\":\"https:\/\/autopro.io\/es\/nueva-funcion-ventanas-emergentes-personalizables-en-el-sitio-web-de-su-concesionario-de-automoviles\/#breadcrumb\"},\"inLanguage\":\"es\",\"potentialAction\":[{\"@type\":\"ReadAction\",\"target\":[\"https:\/\/autopro.io\/es\/nueva-funcion-ventanas-emergentes-personalizables-en-el-sitio-web-de-su-concesionario-de-automoviles\/\"]}]},{\"@type\":\"ImageObject\",\"inLanguage\":\"es\",\"@id\":\"https:\/\/autopro.io\/es\/nueva-funcion-ventanas-emergentes-personalizables-en-el-sitio-web-de-su-concesionario-de-automoviles\/#primaryimage\",\"url\":\"https:\/\/autopro.io\/wp-content\/uploads\/2021\/10\/customizable-popup-new-feature-wordpress-cover.jpg\",\"contentUrl\":\"https:\/\/autopro.io\/wp-content\/uploads\/2021\/10\/customizable-popup-new-feature-wordpress-cover.jpg\",\"width\":1500,\"height\":788},{\"@type\":\"BreadcrumbList\",\"@id\":\"https:\/\/autopro.io\/es\/nueva-funcion-ventanas-emergentes-personalizables-en-el-sitio-web-de-su-concesionario-de-automoviles\/#breadcrumb\",\"itemListElement\":[{\"@type\":\"ListItem\",\"position\":1,\"name\":\"Home\",\"item\":\"https:\/\/autopro.io\/es\/\"},{\"@type\":\"ListItem\",\"position\":2,\"name\":\"Nueva Funci\u00f3n: Ventanas Emergentes Personalizables en el Sitio Web de su Concesionario de Autom\u00f3viles\"}]},{\"@type\":\"WebSite\",\"@id\":\"https:\/\/autopro.io\/#website\",\"url\":\"https:\/\/autopro.io\/\",\"name\":\"WordPress Website\",\"description\":\"\",\"potentialAction\":[{\"@type\":\"SearchAction\",\"target\":{\"@type\":\"EntryPoint\",\"urlTemplate\":\"https:\/\/autopro.io\/?s={search_term_string}\"},\"query-input\":{\"@type\":\"PropertyValueSpecification\",\"valueRequired\":true,\"valueName\":\"search_term_string\"}}],\"inLanguage\":\"es\"},{\"@type\":\"Person\",\"@id\":\"https:\/\/autopro.io\/#\/schema\/person\/948760f7d3850f8f828a2090c081280c\",\"name\":\"Eric Besso\",\"image\":{\"@type\":\"ImageObject\",\"inLanguage\":\"es\",\"@id\":\"https:\/\/autopro.io\/#\/schema\/person\/image\/\",\"url\":\"https:\/\/secure.gravatar.com\/avatar\/9f4c7bd388abb2ca4087018a157bd401e8a14f4a74ad46c76fb320ad3e1d9199?s=96&d=mm&r=g\",\"contentUrl\":\"https:\/\/secure.gravatar.com\/avatar\/9f4c7bd388abb2ca4087018a157bd401e8a14f4a74ad46c76fb320ad3e1d9199?s=96&d=mm&r=g\",\"caption\":\"Eric Besso\"},\"url\":\"https:\/\/autopro.io\/es\/author\/ebesso\/\"}]}<\/script>\n<!-- \/ Yoast SEO plugin. -->","yoast_head_json":{"title":"Nueva Funci\u00f3n: Ventanas Emergentes Personalizables en el Sitio Web de su Concesionario de Autom\u00f3viles - WordPress Website","robots":{"index":"index","follow":"follow","max-snippet":"max-snippet:-1","max-image-preview":"max-image-preview:large","max-video-preview":"max-video-preview:-1"},"canonical":"https:\/\/autopro.io\/es\/nueva-funcion-ventanas-emergentes-personalizables-en-el-sitio-web-de-su-concesionario-de-automoviles\/","og_locale":"es_ES","og_type":"article","og_title":"Nueva Funci\u00f3n: Ventanas Emergentes Personalizables en el Sitio Web de su Concesionario de Autom\u00f3viles - WordPress Website","og_description":"[vc_row][vc_column][vc_single_image image=\u00bb2618&#8243; img_size=\u00bbfull\u00bb onclick=\u00bblink_image\u00bb][\/vc_column][\/vc_row][vc_row][vc_column][vc_column_text]El visitante promedio de su sitio web probablemente pasa menos de un minuto en \u00e9l. Asegurarse de que vean un anuncio o una promoci\u00f3n en particular no siempre es f\u00e1cil. Con la \u00faltima actualizaci\u00f3n del software de administraci\u00f3n de concesionarios AutoPro.io, ahora puede agregar f\u00e1cilmente una ventana emergente totalmente personalizable al sitio&hellip;","og_url":"https:\/\/autopro.io\/es\/nueva-funcion-ventanas-emergentes-personalizables-en-el-sitio-web-de-su-concesionario-de-automoviles\/","og_site_name":"WordPress Website","article_published_time":"2022-03-21T06:26:57+00:00","og_image":[{"width":1500,"height":788,"url":"https:\/\/autopro.io\/wp-content\/uploads\/2021\/10\/customizable-popup-new-feature-wordpress-cover.jpg","type":"image\/jpeg"}],"author":"Eric Besso","twitter_card":"summary_large_image","twitter_misc":{"Escrito por":"Eric Besso","Tiempo de lectura":"1 minuto"},"schema":{"@context":"https:\/\/schema.org","@graph":[{"@type":"WebPage","@id":"https:\/\/autopro.io\/es\/nueva-funcion-ventanas-emergentes-personalizables-en-el-sitio-web-de-su-concesionario-de-automoviles\/","url":"https:\/\/autopro.io\/es\/nueva-funcion-ventanas-emergentes-personalizables-en-el-sitio-web-de-su-concesionario-de-automoviles\/","name":"Nueva Funci\u00f3n: Ventanas Emergentes Personalizables en el Sitio Web de su Concesionario de Autom\u00f3viles - WordPress Website","isPartOf":{"@id":"https:\/\/autopro.io\/#website"},"primaryImageOfPage":{"@id":"https:\/\/autopro.io\/es\/nueva-funcion-ventanas-emergentes-personalizables-en-el-sitio-web-de-su-concesionario-de-automoviles\/#primaryimage"},"image":{"@id":"https:\/\/autopro.io\/es\/nueva-funcion-ventanas-emergentes-personalizables-en-el-sitio-web-de-su-concesionario-de-automoviles\/#primaryimage"},"thumbnailUrl":"https:\/\/autopro.io\/wp-content\/uploads\/2021\/10\/customizable-popup-new-feature-wordpress-cover.jpg","datePublished":"2022-03-21T06:26:57+00:00","author":{"@id":"https:\/\/autopro.io\/#\/schema\/person\/948760f7d3850f8f828a2090c081280c"},"breadcrumb":{"@id":"https:\/\/autopro.io\/es\/nueva-funcion-ventanas-emergentes-personalizables-en-el-sitio-web-de-su-concesionario-de-automoviles\/#breadcrumb"},"inLanguage":"es","potentialAction":[{"@type":"ReadAction","target":["https:\/\/autopro.io\/es\/nueva-funcion-ventanas-emergentes-personalizables-en-el-sitio-web-de-su-concesionario-de-automoviles\/"]}]},{"@type":"ImageObject","inLanguage":"es","@id":"https:\/\/autopro.io\/es\/nueva-funcion-ventanas-emergentes-personalizables-en-el-sitio-web-de-su-concesionario-de-automoviles\/#primaryimage","url":"https:\/\/autopro.io\/wp-content\/uploads\/2021\/10\/customizable-popup-new-feature-wordpress-cover.jpg","contentUrl":"https:\/\/autopro.io\/wp-content\/uploads\/2021\/10\/customizable-popup-new-feature-wordpress-cover.jpg","width":1500,"height":788},{"@type":"BreadcrumbList","@id":"https:\/\/autopro.io\/es\/nueva-funcion-ventanas-emergentes-personalizables-en-el-sitio-web-de-su-concesionario-de-automoviles\/#breadcrumb","itemListElement":[{"@type":"ListItem","position":1,"name":"Home","item":"https:\/\/autopro.io\/es\/"},{"@type":"ListItem","position":2,"name":"Nueva Funci\u00f3n: Ventanas Emergentes Personalizables en el Sitio Web de su Concesionario de Autom\u00f3viles"}]},{"@type":"WebSite","@id":"https:\/\/autopro.io\/#website","url":"https:\/\/autopro.io\/","name":"WordPress Website","description":"","potentialAction":[{"@type":"SearchAction","target":{"@type":"EntryPoint","urlTemplate":"https:\/\/autopro.io\/?s={search_term_string}"},"query-input":{"@type":"PropertyValueSpecification","valueRequired":true,"valueName":"search_term_string"}}],"inLanguage":"es"},{"@type":"Person","@id":"https:\/\/autopro.io\/#\/schema\/person\/948760f7d3850f8f828a2090c081280c","name":"Eric Besso","image":{"@type":"ImageObject","inLanguage":"es","@id":"https:\/\/autopro.io\/#\/schema\/person\/image\/","url":"https:\/\/secure.gravatar.com\/avatar\/9f4c7bd388abb2ca4087018a157bd401e8a14f4a74ad46c76fb320ad3e1d9199?s=96&d=mm&r=g","contentUrl":"https:\/\/secure.gravatar.com\/avatar\/9f4c7bd388abb2ca4087018a157bd401e8a14f4a74ad46c76fb320ad3e1d9199?s=96&d=mm&r=g","caption":"Eric Besso"},"url":"https:\/\/autopro.io\/es\/author\/ebesso\/"}]}},"_links":{"self":[{"href":"https:\/\/autopro.io\/es\/wp-json\/wp\/v2\/posts\/2755","targetHints":{"allow":["GET"]}}],"collection":[{"href":"https:\/\/autopro.io\/es\/wp-json\/wp\/v2\/posts"}],"about":[{"href":"https:\/\/autopro.io\/es\/wp-json\/wp\/v2\/types\/post"}],"author":[{"embeddable":true,"href":"https:\/\/autopro.io\/es\/wp-json\/wp\/v2\/users\/2"}],"replies":[{"embeddable":true,"href":"https:\/\/autopro.io\/es\/wp-json\/wp\/v2\/comments?post=2755"}],"version-history":[{"count":1,"href":"https:\/\/autopro.io\/es\/wp-json\/wp\/v2\/posts\/2755\/revisions"}],"predecessor-version":[{"id":5443,"href":"https:\/\/autopro.io\/es\/wp-json\/wp\/v2\/posts\/2755\/revisions\/5443"}],"wp:featuredmedia":[{"embeddable":true,"href":"https:\/\/autopro.io\/es\/wp-json\/wp\/v2\/media\/2251"}],"wp:attachment":[{"href":"https:\/\/autopro.io\/es\/wp-json\/wp\/v2\/media?parent=2755"}],"wp:term":[{"taxonomy":"category","embeddable":true,"href":"https:\/\/autopro.io\/es\/wp-json\/wp\/v2\/categories?post=2755"},{"taxonomy":"post_tag","embeddable":true,"href":"https:\/\/autopro.io\/es\/wp-json\/wp\/v2\/tags?post=2755"}],"curies":[{"name":"wp","href":"https:\/\/api.w.org\/{rel}","templated":true}]}}